{"id":2159,"date":"2021-10-21T09:06:20","date_gmt":"2021-10-21T09:06:20","guid":{"rendered":"http:\/\/taxwizard.ro\/?p=2159"},"modified":"2022-06-24T18:30:31","modified_gmt":"2022-06-24T18:30:31","slug":"41-de-zile-pana-la-termenul-de-conectare-a-caselor-de-marcat-la-sistemul-anaf","status":"publish","type":"post","link":"http:\/\/taxwizard.ro\/?p=2159","title":{"rendered":"41 de zile pana la termenul de conectare a caselor de marcat la sistemul anaf."},"content":{"rendered":"\n<p>ANAF reaminte\u015fte operatorilor economici \u00eencadra\u0163i \u00een categoria contribuabililor mici \u015fi mijlocii c\u0103, potrivit legisla\u021biei \u00een vigoare, au obliga\u021bia de a asigura conectarea la distan\u021b\u0103 a aparatelor de marcat electronice fiscale.<\/p>\n\n\n\n<p>Conectarea AMEF la sistemul informatic al ANAF va presupune renun\u021barea la anumite declara\u021bii care se depun periodic de c\u0103tre contribuabili av\u00e2nd ca efect o simplificare a obliga\u021biilor declarative, \u00een eventualitatea realiz\u0103rii cu succes a procesului \u0219i transmiterii datelor complete.<\/p>\n\n\n\n<p>Termenul limit\u0103 de conectare a AMEF de\u021binute de operatorii economici \u00eencadra\u021bi \u00een categoria contribuabililor mici \u0219i mijlocii este 30.11.2021.<\/p>\n\n\n\n<p>Nerespectarea obliga\u021biei de a asigura conectarea la distan\u021b\u0103 a AMEF, \u00een vederea transmiterii de date fiscale c\u0103tre ANAF, constituie contraven\u021bie \u0219i se sanc\u021bioneaz\u0103 cu amend\u0103 \u00eentre 8.000 \u0219i 10.000 lei, \u00een conformitate cu prevederile art. 10 lit. ff), coroborate cu prevederile art. 11 alin. (1) lit. j), din O.U.G. nr. 28\/1999<\/p>\n","protected":false},"excerpt":{"rendered":"<p>ANAF reaminte\u015fte operatorilor economici \u00eencadra\u0163i \u00een categoria contribuabililor mici \u015fi mijlocii c\u0103, potrivit legisla\u021biei \u00een vigoare, au obliga\u021bia de a asigura conectarea la distan\u021b\u0103 a aparatelor de marcat electronice fiscale. Conectarea AMEF la sistemul informatic al ANAF va presupune renun\u021barea la anumite declara\u021bii care se depun periodic de c\u0103tre contribuabili av\u00e2nd ca efect o simplificare a obliga\u021biilor declarative, \u00een eventualitatea realiz\u0103rii cu succes a procesului \u0219i transmiterii datelor complete. Termenul limit\u0103 de conectare a AMEF de\u021binute de operatorii economici \u00eencadra\u021bi \u00een categoria contribuabililor mici \u0219i mijlocii este 30.11.2021. Nerespectarea obliga\u021biei de a asigura conectarea la distan\u021b\u0103 a AMEF, \u00een vederea transmiterii de date fiscale c\u0103tre ANAF, constituie contraven\u021bie \u0219i se sanc\u021bioneaz\u0103 cu amend\u0103 \u00eentre 8.000 \u0219i 10.000 lei, \u00een conformitate cu prevederile art. 10 lit. ff), coroborate cu prevederile art. 11 alin. (1) lit. j), din O.U.G. nr. 28\/1999<\/p>\n","protected":false},"author":1,"featured_media":2018,"comment_status":"open","ping_status":"open","sticky":false,"template":"","format":"standard","meta":[],"categories":[36],"tags":[42],"_links":{"self":[{"href":"http:\/\/taxwizard.ro\/index.php?rest_route=\/wp\/v2\/posts\/2159"}],"collection":[{"href":"http:\/\/taxwizard.ro\/index.php?rest_route=\/wp\/v2\/posts"}],"about":[{"href":"http:\/\/taxwizard.ro\/index.php?rest_route=\/wp\/v2\/types\/post"}],"author":[{"embeddable":true,"href":"http:\/\/taxwizard.ro\/index.php?rest_route=\/wp\/v2\/users\/1"}],"replies":[{"embeddable":true,"href":"http:\/\/taxwizard.ro\/index.php?rest_route=%2Fwp%2Fv2%2Fcomments&post=2159"}],"version-history":[{"count":1,"href":"http:\/\/taxwizard.ro\/index.php?rest_route=\/wp\/v2\/posts\/2159\/revisions"}],"predecessor-version":[{"id":2160,"href":"http:\/\/taxwizard.ro\/index.php?rest_route=\/wp\/v2\/posts\/2159\/revisions\/2160"}],"wp:featuredmedia":[{"embeddable":true,"href":"http:\/\/taxwizard.ro\/index.php?rest_route=\/wp\/v2\/media\/2018"}],"wp:attachment":[{"href":"http:\/\/taxwizard.ro\/index.php?rest_route=%2Fwp%2Fv2%2Fmedia&parent=2159"}],"wp:term":[{"taxonomy":"category","embeddable":true,"href":"http:\/\/taxwizard.ro\/index.php?rest_route=%2Fwp%2Fv2%2Fcategories&post=2159"},{"taxonomy":"post_tag","embeddable":true,"href":"http:\/\/taxwizard.ro\/index.php?rest_route=%2Fwp%2Fv2%2Ftags&post=2159"}],"curies":[{"name":"wp","href":"https:\/\/api.w.org\/{rel}","templated":true}]}}